{"id":554,"date":"2014-04-06T16:26:09","date_gmt":"2014-04-06T14:26:09","guid":{"rendered":"https:\/\/www.curiosami.it\/?p=554"},"modified":"2020-11-09T05:55:33","modified_gmt":"2020-11-09T04:55:33","slug":"terme-degli-anni-20","status":"publish","type":"post","link":"https:\/\/www.curiosami.it\/index.php\/terme-degli-anni-20\/","title":{"rendered":"TERME DEGLI ANNI &#8217;20"},"content":{"rendered":"<figure id=\"attachment_555\" aria-describedby=\"caption-attachment-555\" style=\"width: 300px\" class=\"wp-caption alignleft\"><a href=\"https:\/\/www.curiosami.it\/wp-content\/uploads\/2014\/04\/terme_diurno-pta-venezia.jpg\"><img loading=\"lazy\" decoding=\"async\" class=\"size-medium wp-image-555 \" alt=\"terme_diurno pta venezia\" src=\"https:\/\/www.curiosami.it\/wp-content\/uploads\/2014\/04\/terme_diurno-pta-venezia-300x300.jpg\" width=\"300\" height=\"300\" srcset=\"https:\/\/www.curiosami.it\/wp-content\/uploads\/2014\/04\/terme_diurno-pta-venezia-300x300.jpg 300w, https:\/\/www.curiosami.it\/wp-content\/uploads\/2014\/04\/terme_diurno-pta-venezia-150x150.jpg 150w, https:\/\/www.curiosami.it\/wp-content\/uploads\/2014\/04\/terme_diurno-pta-venezia-1024x1024.jpg 1024w, https:\/\/www.curiosami.it\/wp-content\/uploads\/2014\/04\/terme_diurno-pta-venezia.jpg 1181w\" sizes=\"auto, (max-width: 300px) 100vw, 300px\" \/><\/a><figcaption id=\"caption-attachment-555\" class=\"wp-caption-text\">Statua della Dea Igea<\/figcaption><\/figure>\n<p>&nbsp;<\/p>\n<p><strong>Albergo diurno venezia<\/strong><\/p>\n<p>Questa \u00e8 la statua della dea Igea, situata all&#8217;inizio del reparto terme dell&#8217;albergo diurno venezia, una volta luogo di traffico cittadino dove era possibile depositare i bagagli (la stazione era dove oggi si trova la fermata metropolitana &#8220;repubblica&#8221;) e fruire anche di servizi di bellezza (manicure, parrucchiere, terme ecc..)<\/p>\n<p>L\u2019Albergo Diurno Metropolitano \u201cVenezia\u201d di Milano, situato sotto il lato nord-ovest di piazza Oberdan, \u00e8 una struttura sotterranea realizzata tra il 1923 e il 1926, allo scopo di fornire vari servizi per cittadini e viaggiatori: soprattutto bagni pubblici e servizi per la cura del corpo, ma anche agenzia di viaggio, fotografo, lavanderia, servizio di dattilografia e altri.<\/p>\n<figure id=\"attachment_556\" aria-describedby=\"caption-attachment-556\" style=\"width: 326px\" class=\"wp-caption alignright\"><a href=\"https:\/\/www.curiosami.it\/wp-content\/uploads\/2014\/04\/diurno-pta-venezia.jpg\"><img loading=\"lazy\" decoding=\"async\" class=\" wp-image-556  \" alt=\"diurno pta venezia\" src=\"https:\/\/www.curiosami.it\/wp-content\/uploads\/2014\/04\/diurno-pta-venezia-678x1024.jpg\" width=\"326\" height=\"491\" \/><\/a><figcaption id=\"caption-attachment-556\" class=\"wp-caption-text\">Albergo Diurno &#8211; zona riservata ai servizi di manicure e pedicure<\/figcaption><\/figure>\n<p>Questa struttura di indubbio pregio storico e architettonica versa oggi in un grave stato di degrado, soprattutto in seguito alla sua definitiva chiusura nel 2003. La ricerca condotta da Stefano Masi e Pierfrancesco Sacerdoti, pubblicata nel 2013 (Il tempo sepolto).<br \/>\nL\u2019Albergo Diurno Metropolitano \u201cVenezia\u201d di Milano tra architettura e arti decorative. Proposte di recupero, in Un primo approccio all\u2019arte e all\u2019architettura liberty. (Tra conoscenza e restauro, a cura di Cesare Renzo Romeo, L\u2019Artistica Editrice, Savigliano, 2013), ne ha indagato i vari aspetti storici, architettonici e artistici, nonch\u00e9 relativi ai materiali e al degrado, in vista di un suo auspicabile restauro e riuso.<\/p>\n<p>L\u2019esito pi\u00f9 interessante della ricerca, che rende ancora pi\u00f9 urgente un attento recupero della struttura, \u00e8 l\u2019attribuzione degli apparati decorativi e degli arredi, nonch\u00e9 di parte della concezione architettonica generale, all\u2019architetto Piero Portaluppi, protagonista dell\u2019architettura milanese tra le due guerre e autore di vari edifici nella zona di Porta Venezia.<a title=\"\" href=\"#_ftn1\">[1]<\/a><\/p>\n<p>&nbsp;<\/p>\n<p>&nbsp;<\/p>\n<p>&nbsp;<\/p>\n<p>&nbsp;<\/p>\n<p>&nbsp;<\/p>\n<p style=\"text-align: center;\"><iframe loading=\"lazy\" src=\"https:\/\/maps.google.it\/maps?f=q&amp;source=s_q&amp;hl=it&amp;geocode=&amp;q=corso+buenos+aires1&amp;aq=&amp;sll=45.474859,9.206012&amp;sspn=0.002419,0.005284&amp;ie=UTF8&amp;hq=&amp;hnear=Corso+Buenos+Aires,+1,+Milano,+Lombardia&amp;ll=45.475138,9.205571&amp;spn=0.002419,0.005284&amp;t=m&amp;z=14&amp;output=embed\" height=\"350\" width=\"425\" frameborder=\"0\" marginwidth=\"0\" marginheight=\"0\" scrolling=\"no\"><\/iframe><br \/>\n<small><a style=\"color: #0000ff; text-align: left;\" href=\"https:\/\/maps.google.it\/maps?f=q&amp;source=embed&amp;hl=it&amp;geocode=&amp;q=corso+buenos+aires1&amp;aq=&amp;sll=45.474859,9.206012&amp;sspn=0.002419,0.005284&amp;ie=UTF8&amp;hq=&amp;hnear=Corso+Buenos+Aires,+1,+Milano,+Lombardia&amp;ll=45.475138,9.205571&amp;spn=0.002419,0.005284&amp;t=m&amp;z=14\">Visualizzazione ingrandita della mappa<\/a><\/small><\/p>\n<p>&nbsp;<\/p>\n<div>\n<p>&nbsp;<\/p>\n<hr align=\"left\" size=\"1\" width=\"33%\" \/>\n<div>\n<p><a title=\"\" href=\"#_ftnref1\">[1]<\/a> Tratto da: <a href=\"http:\/\/www.arch.polimi.it\/eventi\/dettaglio.php?id_nav=8868&amp;id=1428\">http:\/\/www.arch.polimi.it\/eventi\/dettaglio.php?id_nav=8868&amp;id=1428<\/a> il 21\/03\/14 ore 16.15<\/p>\n<\/div>\n<\/div>\n","protected":false},"excerpt":{"rendered":"<p>&nbsp; Albergo diurno venezia Questa \u00e8 la statua della dea Igea, situata all&#8217;inizio del reparto terme dell&#8217;albergo diurno venezia, una volta luogo di traffico cittadino dove era possibile depositare i bagagli (la stazione era dove oggi si trova la fermata metropolitana &#8220;repubblica&#8221;) e fruire anche di servizi di bellezza (manicure, parrucchiere, terme ecc..) L\u2019Albergo Diurno [&hellip;]<\/p>\n","protected":false},"author":1,"featured_media":555,"comment_status":"closed","ping_status":"closed","sticky":false,"template":"","format":"standard","meta":{"footnotes":""},"categories":[15],"tags":[12,3,9],"class_list":["post-554","post","type-post","status-publish","format-standard","has-post-thumbnail","hentry","category-edificio","tag-12","tag-centro-di-milano","tag-storia-milanese"],"_links":{"self":[{"href":"https:\/\/www.curiosami.it\/index.php\/wp-json\/wp\/v2\/posts\/554","targetHints":{"allow":["GET"]}}],"collection":[{"href":"https:\/\/www.curiosami.it\/index.php\/wp-json\/wp\/v2\/posts"}],"about":[{"href":"https:\/\/www.curiosami.it\/index.php\/wp-json\/wp\/v2\/types\/post"}],"author":[{"embeddable":true,"href":"https:\/\/www.curiosami.it\/index.php\/wp-json\/wp\/v2\/users\/1"}],"replies":[{"embeddable":true,"href":"https:\/\/www.curiosami.it\/index.php\/wp-json\/wp\/v2\/comments?post=554"}],"version-history":[{"count":1,"href":"https:\/\/www.curiosami.it\/index.php\/wp-json\/wp\/v2\/posts\/554\/revisions"}],"predecessor-version":[{"id":557,"href":"https:\/\/www.curiosami.it\/index.php\/wp-json\/wp\/v2\/posts\/554\/revisions\/557"}],"wp:featuredmedia":[{"embeddable":true,"href":"https:\/\/www.curiosami.it\/index.php\/wp-json\/wp\/v2\/media\/555"}],"wp:attachment":[{"href":"https:\/\/www.curiosami.it\/index.php\/wp-json\/wp\/v2\/media?parent=554"}],"wp:term":[{"taxonomy":"category","embeddable":true,"href":"https:\/\/www.curiosami.it\/index.php\/wp-json\/wp\/v2\/categories?post=554"},{"taxonomy":"post_tag","embeddable":true,"href":"https:\/\/www.curiosami.it\/index.php\/wp-json\/wp\/v2\/tags?post=554"}],"curies":[{"name":"wp","href":"https:\/\/api.w.org\/{rel}","templated":true}]}}